{"id":8,"count":81,"description":"Ora\u00e7\u00f5es e Reflex\u00f5es com o Pe Adriano da Par\u00f3quia S\u00e3o Benedito de Santa Cruz do Rio Pardo, Diocese de Ourinhos","link":"https:\/\/www.saobeneditoscrp.com.br\/artigos\/series\/oracoes-e-reflexoes-com-pe-adriano\/","name":"Ora\u00e7\u00f5es e Reflex\u00f5es com Pe Adriano","slug":"oracoes-e-reflexoes-com-pe-adriano","taxonomy":"series","parent":0,"meta":[],"title":"Ora\u00e7\u00f5es e Reflex\u00f5es com Pe Adriano","language":"pt-BR","copyright":"Par\u00f3quia S\u00e3o Benedito","subtitle":"","author":"Par\u00f3quia S\u00e3o Benedito","owner_name":"Par\u00f3quia S\u00e3o Benedito","owner_email":"podcast@saobeneditoscrp.com.br","explicit_option":"","complete_option":"","image":"https:\/\/saobeneditoscrp.com.br\/artigos\/wp-content\/uploads\/2021\/07\/Capa21.jpg","category1":{"category":"Religion & Spirituality","subcategory":"Christianity"},"category2":{"category":"","subcategory":""},"category3":{"category":"","subcategory":""},"guid":"c7406e68-5718-56e5-9368-6dc57014359d","ads_enabled":false,"_links":{"self":[{"href":"https:\/\/www.saobeneditoscrp.com.br\/artigos\/wp-json\/wp\/v2\/series\/8","targetHints":{"allow":["GET"]}}],"collection":[{"href":"https:\/\/www.saobeneditoscrp.com.br\/artigos\/wp-json\/wp\/v2\/series"}],"about":[{"href":"https:\/\/www.saobeneditoscrp.com.br\/artigos\/wp-json\/wp\/v2\/taxonomies\/series"}],"wp:post_type":[{"href":"https:\/\/www.saobeneditoscrp.com.br\/artigos\/wp-json\/wp\/v2\/podcast?series=8"}],"curies":[{"name":"wp","href":"https:\/\/api.w.org\/{rel}","templated":true}]}}